{"id":698,"date":"2018-12-04T14:53:31","date_gmt":"2018-12-04T13:53:31","guid":{"rendered":"http:\/\/chorale-lairderien.com\/?p=698"},"modified":"2019-01-03T18:01:44","modified_gmt":"2019-01-03T17:01:44","slug":"concert-a-chevreuse-le-16-decembre-2018","status":"publish","type":"post","link":"https:\/\/chorale-lairderien.com\/?p=698","title":{"rendered":"Concert \u00e0 Chevreuse le 16 d\u00e9cembre 2018"},"content":{"rendered":"<p>L&rsquo;Air de Rien vous propose un voyage en Argentine. En premi\u00e8re partie le trio argentin Ce\u00efbo\u00a0 interpr\u00e9tera quelques pi\u00e8ces musicales et en deuxi\u00e8me partie l&rsquo;Air de Rien et le quintet Delprato interpr\u00e9teront la Misatango (ou Misa a Buenos Aires)\u00a0 de <a href=\"https:\/\/fr.wikipedia.org\/wiki\/Mart%C3%ADn_Palmeri\">Martin Palmeri<\/a>.<br \/>\n<a href=\"https:\/\/www.la-croix.com\/Urbi-et-Orbi\/France\/Un-ch%C5%93ur-francais-a-enregistre-une-des-messes-favorites-du-pape-Francois-2016-05-10-1200759096\">La Misatango est une des messes pr\u00e9f\u00e9r\u00e9es du Pape Fran\u00e7ois<\/a><br \/>\n<a href=\"https:\/\/www.la-croix.com\/Culture\/Musique\/La-Misatango-plaisir-chanter-2016-05-16-1200760484\">Pour en savoir plus &#8230;<\/a><\/p>\n<p>Autre date pr\u00e9vue:<br \/>\n&#8211; en l&rsquo;\u00e9glise des Essarts le Roi le 20 janvier 2019<\/p>\n","protected":false},"excerpt":{"rendered":"<p>L&rsquo;Air de Rien vous propose un voyage en Argentine. En premi\u00e8re partie le trio argentin Ce\u00efbo\u00a0 interpr\u00e9tera quelques pi\u00e8ces musicales et en deuxi\u00e8me partie l&rsquo;Air de Rien et le quintet Delprato interpr\u00e9teront la Misatango (ou Misa a Buenos Aires)\u00a0 de &hellip; <a href=\"https:\/\/chorale-lairderien.com\/?p=698\">Continuer la lecture <span class=\"meta-nav\">&rarr;<\/span><\/a><\/p>\n","protected":false},"author":2,"featured_media":0,"comment_status":"closed","ping_status":"closed","sticky":false,"template":"","format":"standard","meta":{"_jetpack_newsletter_access":"","_jetpack_dont_email_post_to_subs":false,"_jetpack_newsletter_tier_id":0,"_jetpack_memberships_contains_paywalled_content":false,"_jetpack_memberships_contains_paid_content":false,"footnotes":""},"categories":[1],"tags":[],"class_list":["post-698","post","type-post","status-publish","format-standard","hentry","category-non-classe"],"jetpack_featured_media_url":"","jetpack_sharing_enabled":true,"jetpack_shortlink":"https:\/\/wp.me\/p5iem3-bg","jetpack_likes_enabled":true,"_links":{"self":[{"href":"https:\/\/chorale-lairderien.com\/index.php?rest_route=\/wp\/v2\/posts\/698","targetHints":{"allow":["GET"]}}],"collection":[{"href":"https:\/\/chorale-lairderien.com\/index.php?rest_route=\/wp\/v2\/posts"}],"about":[{"href":"https:\/\/chorale-lairderien.com\/index.php?rest_route=\/wp\/v2\/types\/post"}],"author":[{"embeddable":true,"href":"https:\/\/chorale-lairderien.com\/index.php?rest_route=\/wp\/v2\/users\/2"}],"replies":[{"embeddable":true,"href":"https:\/\/chorale-lairderien.com\/index.php?rest_route=%2Fwp%2Fv2%2Fcomments&post=698"}],"version-history":[{"count":3,"href":"https:\/\/chorale-lairderien.com\/index.php?rest_route=\/wp\/v2\/posts\/698\/revisions"}],"predecessor-version":[{"id":778,"href":"https:\/\/chorale-lairderien.com\/index.php?rest_route=\/wp\/v2\/posts\/698\/revisions\/778"}],"wp:attachment":[{"href":"https:\/\/chorale-lairderien.com\/index.php?rest_route=%2Fwp%2Fv2%2Fmedia&parent=698"}],"wp:term":[{"taxonomy":"category","embeddable":true,"href":"https:\/\/chorale-lairderien.com\/index.php?rest_route=%2Fwp%2Fv2%2Fcategories&post=698"},{"taxonomy":"post_tag","embeddable":true,"href":"https:\/\/chorale-lairderien.com\/index.php?rest_route=%2Fwp%2Fv2%2Ftags&post=698"}],"curies":[{"name":"wp","href":"https:\/\/api.w.org\/{rel}","templated":true}]}}