{"id":539,"date":"2018-01-13T17:23:17","date_gmt":"2018-01-13T16:23:17","guid":{"rendered":"http:\/\/chorale-lairderien.com\/?p=539"},"modified":"2018-01-13T17:46:54","modified_gmt":"2018-01-13T16:46:54","slug":"concert-14-janvier","status":"publish","type":"post","link":"https:\/\/chorale-lairderien.com\/?p=539","title":{"rendered":"Concert 14 Janvier 2018 \u00e0 Chevreuse"},"content":{"rendered":"<h3>L&rsquo;Air de Rien se lance dans l&rsquo;op\u00e9ra pour un programme vari\u00e9 autour des plus grands airs d&rsquo;op\u00e9ra.<\/h3>\n<h3>Des solistes prestigieux et une pianiste concertiste.<\/h3>\n<h2><em><strong>VENEZ NOMBREUX.<\/strong><\/em><a href=\"https:\/\/i0.wp.com\/chorale-lairderien.com\/wp-content\/uploads\/Diapositive1-2.jpg?ssl=1\"><img data-recalc-dims=\"1\" loading=\"lazy\" decoding=\"async\" class=\"wp-image-540 alignleft\" src=\"https:\/\/i0.wp.com\/chorale-lairderien.com\/wp-content\/uploads\/Diapositive1-2.jpg?resize=427%2C604&#038;ssl=1\" alt=\"\" width=\"427\" height=\"604\" srcset=\"https:\/\/i0.wp.com\/chorale-lairderien.com\/wp-content\/uploads\/Diapositive1-2.jpg?resize=707%2C1000&amp;ssl=1 707w, https:\/\/i0.wp.com\/chorale-lairderien.com\/wp-content\/uploads\/Diapositive1-2.jpg?w=793&amp;ssl=1 793w\" sizes=\"auto, (max-width: 427px) 100vw, 427px\" \/><\/a><\/h2>\n","protected":false},"excerpt":{"rendered":"<p>L&rsquo;Air de Rien se lance dans l&rsquo;op\u00e9ra pour un programme vari\u00e9 autour des plus grands airs d&rsquo;op\u00e9ra. Des solistes prestigieux et une pianiste concertiste. VENEZ NOMBREUX.<\/p>\n","protected":false},"author":1,"featured_media":0,"comment_status":"closed","ping_status":"closed","sticky":false,"template":"","format":"standard","meta":{"_jetpack_newsletter_access":"","_jetpack_dont_email_post_to_subs":false,"_jetpack_newsletter_tier_id":0,"_jetpack_memberships_contains_paywalled_content":false,"_jetpack_memberships_contains_paid_content":false,"footnotes":""},"categories":[1],"tags":[],"class_list":["post-539","post","type-post","status-publish","format-standard","hentry","category-non-classe"],"jetpack_featured_media_url":"","jetpack_sharing_enabled":true,"jetpack_shortlink":"https:\/\/wp.me\/p5iem3-8H","jetpack_likes_enabled":true,"_links":{"self":[{"href":"https:\/\/chorale-lairderien.com\/index.php?rest_route=\/wp\/v2\/posts\/539","targetHints":{"allow":["GET"]}}],"collection":[{"href":"https:\/\/chorale-lairderien.com\/index.php?rest_route=\/wp\/v2\/posts"}],"about":[{"href":"https:\/\/chorale-lairderien.com\/index.php?rest_route=\/wp\/v2\/types\/post"}],"author":[{"embeddable":true,"href":"https:\/\/chorale-lairderien.com\/index.php?rest_route=\/wp\/v2\/users\/1"}],"replies":[{"embeddable":true,"href":"https:\/\/chorale-lairderien.com\/index.php?rest_route=%2Fwp%2Fv2%2Fcomments&post=539"}],"version-history":[{"count":3,"href":"https:\/\/chorale-lairderien.com\/index.php?rest_route=\/wp\/v2\/posts\/539\/revisions"}],"predecessor-version":[{"id":598,"href":"https:\/\/chorale-lairderien.com\/index.php?rest_route=\/wp\/v2\/posts\/539\/revisions\/598"}],"wp:attachment":[{"href":"https:\/\/chorale-lairderien.com\/index.php?rest_route=%2Fwp%2Fv2%2Fmedia&parent=539"}],"wp:term":[{"taxonomy":"category","embeddable":true,"href":"https:\/\/chorale-lairderien.com\/index.php?rest_route=%2Fwp%2Fv2%2Fcategories&post=539"},{"taxonomy":"post_tag","embeddable":true,"href":"https:\/\/chorale-lairderien.com\/index.php?rest_route=%2Fwp%2Fv2%2Ftags&post=539"}],"curies":[{"name":"wp","href":"https:\/\/api.w.org\/{rel}","templated":true}]}}