{"id":521,"date":"2017-11-03T09:28:15","date_gmt":"2017-11-03T08:28:15","guid":{"rendered":"http:\/\/chorale-lairderien.com\/?p=521"},"modified":"2017-11-04T12:05:00","modified_gmt":"2017-11-04T11:05:00","slug":"521","status":"publish","type":"post","link":"https:\/\/chorale-lairderien.com\/?p=521","title":{"rendered":"Concert le 19 Novembre"},"content":{"rendered":"<h2 style=\"text-align: left;\"><span style=\"color: #000000;\">L&rsquo;Air de Rien se lance dans l&rsquo;op\u00e9ra pour un programme vari\u00e9 autour des plus grands airs d&rsquo;op\u00e9ra. Des solistes prestigieux et une pianiste concertiste. <\/span><\/h2>\n<h2 style=\"text-align: left;\"><em><strong><span style=\"color: #000000;\">VENEZ NOMBREUX.<\/span><\/strong><\/em><a href=\"https:\/\/i0.wp.com\/chorale-lairderien.com\/wp-content\/uploads\/affiche-ose-opera-v5.jpg?ssl=1\"><img data-recalc-dims=\"1\" loading=\"lazy\" decoding=\"async\" class=\"wp-image-532 alignleft\" src=\"https:\/\/i0.wp.com\/chorale-lairderien.com\/wp-content\/uploads\/affiche-ose-opera-v5.jpg?resize=411%2C581&#038;ssl=1\" alt=\"\" width=\"411\" height=\"581\" srcset=\"https:\/\/i0.wp.com\/chorale-lairderien.com\/wp-content\/uploads\/affiche-ose-opera-v5.jpg?resize=707%2C1000&amp;ssl=1 707w, https:\/\/i0.wp.com\/chorale-lairderien.com\/wp-content\/uploads\/affiche-ose-opera-v5.jpg?w=793&amp;ssl=1 793w\" sizes=\"auto, (max-width: 411px) 100vw, 411px\" \/><\/a><\/h2>\n","protected":false},"excerpt":{"rendered":"<p>L&rsquo;Air de Rien se lance dans l&rsquo;op\u00e9ra pour un programme vari\u00e9 autour des plus grands airs d&rsquo;op\u00e9ra. Des solistes prestigieux et une pianiste concertiste. VENEZ NOMBREUX.<\/p>\n","protected":false},"author":1,"featured_media":0,"comment_status":"closed","ping_status":"closed","sticky":false,"template":"","format":"standard","meta":{"_jetpack_newsletter_access":"","_jetpack_dont_email_post_to_subs":false,"_jetpack_newsletter_tier_id":0,"_jetpack_memberships_contains_paywalled_content":false,"_jetpack_memberships_contains_paid_content":false,"footnotes":""},"categories":[1],"tags":[],"class_list":["post-521","post","type-post","status-publish","format-standard","hentry","category-non-classe"],"jetpack_featured_media_url":"","jetpack_sharing_enabled":true,"jetpack_shortlink":"https:\/\/wp.me\/s5iem3-521","jetpack_likes_enabled":true,"_links":{"self":[{"href":"https:\/\/chorale-lairderien.com\/index.php?rest_route=\/wp\/v2\/posts\/521","targetHints":{"allow":["GET"]}}],"collection":[{"href":"https:\/\/chorale-lairderien.com\/index.php?rest_route=\/wp\/v2\/posts"}],"about":[{"href":"https:\/\/chorale-lairderien.com\/index.php?rest_route=\/wp\/v2\/types\/post"}],"author":[{"embeddable":true,"href":"https:\/\/chorale-lairderien.com\/index.php?rest_route=\/wp\/v2\/users\/1"}],"replies":[{"embeddable":true,"href":"https:\/\/chorale-lairderien.com\/index.php?rest_route=%2Fwp%2Fv2%2Fcomments&post=521"}],"version-history":[{"count":7,"href":"https:\/\/chorale-lairderien.com\/index.php?rest_route=\/wp\/v2\/posts\/521\/revisions"}],"predecessor-version":[{"id":534,"href":"https:\/\/chorale-lairderien.com\/index.php?rest_route=\/wp\/v2\/posts\/521\/revisions\/534"}],"wp:attachment":[{"href":"https:\/\/chorale-lairderien.com\/index.php?rest_route=%2Fwp%2Fv2%2Fmedia&parent=521"}],"wp:term":[{"taxonomy":"category","embeddable":true,"href":"https:\/\/chorale-lairderien.com\/index.php?rest_route=%2Fwp%2Fv2%2Fcategories&post=521"},{"taxonomy":"post_tag","embeddable":true,"href":"https:\/\/chorale-lairderien.com\/index.php?rest_route=%2Fwp%2Fv2%2Ftags&post=521"}],"curies":[{"name":"wp","href":"https:\/\/api.w.org\/{rel}","templated":true}]}}