{"id":490,"date":"2016-11-25T16:47:32","date_gmt":"2016-11-25T15:47:32","guid":{"rendered":"http:\/\/chorale-lairderien.com\/?p=490"},"modified":"2016-11-25T16:47:32","modified_gmt":"2016-11-25T15:47:32","slug":"19112016-concert-lair-de-rien-ballades-en-mediterranee","status":"publish","type":"post","link":"https:\/\/chorale-lairderien.com\/?p=490","title":{"rendered":"19\/11\/2016 &#8211; Concert l&rsquo;Air de Rien \u00ab\u00a0Ballades en M\u00e9diterran\u00e9e\u00a0\u00bb"},"content":{"rendered":"<div id=\"yiv1221516921article-sideinfo\">\n<div id=\"yui_3_16_0_1_1480074174288_8215\"><img data-recalc-dims=\"1\" decoding=\"async\" id=\"yui_3_16_0_1_1480074174288_8219\" src=\"https:\/\/i0.wp.com\/www.lemesnilsaintdenis.fr\/repository\/251\/2513817247\/1889509032.jpg?w=425\" alt=\"\"  \/><\/p>\n<p id=\"yui_3_16_0_1_1480074174288_8218\">Le Ch\u0153ur \u00ab\u00a0L\u2019AIR DE RIEN\u00a0\u00bb a propos\u00e9 <span id=\"OBJ_PREFIX_DWT356_com_zimbra_date\" class=\"Object\">samedi<\/span> 19 novembre au CLC un voyage musical en M\u00e9diterran\u00e9e \u00e0 quelques 80 passagers. Les 28 choristes accompagn\u00e9s d\u2019une pianiste, d\u2019une accord\u00e9oniste et sous les ordres du chef de ch\u0153ur nous ont fait prendre la Route Nationale 7 afin de nous emmener en Provence \u00e9couter la Coupo Santo. Apr\u00e8s un d\u00e9tour en Espagne, l\u2019\u00eele de Beaut\u00e9 nous fit d\u00e9couvrir la singularit\u00e9 du Tango Corse. Heureusement, Vivaldi nous r\u00e9veilla pour profiter pleinement des m\u00e9lodieux chants populaires Croate, Isra\u00e9lien et Grecques. Le retour en France fut difficile compte tenu des diff\u00e9rentes gr\u00e8ves et notamment celle du Petit Cheminot.<\/p>\n<\/div>\n<\/div>\n<p id=\"yui_3_16_0_1_1480074174288_8217\">Ce spectacle lyrique teint\u00e9 d\u2019humour a illumin\u00e9 pendant une heure gr\u00e2ce \u00e0 ces 13 ballades <span id=\"OBJ_PREFIX_DWT357_com_zimbra_date\" class=\"Object\">ce samedi<\/span> pluvieux de novembre.<br \/>\nDes applaudissements soutenus ont permis aux spectateurs d\u2019avoir un bis mais surtout ont couronn\u00e9 le remarquable travail des artistes.<br \/>\nUn conseil, pr\u00e9parez vos valises pour la prochaine ballade\u2026<br \/>\n<img data-recalc-dims=\"1\" loading=\"lazy\" decoding=\"async\" src=\"https:\/\/i0.wp.com\/www.lemesnilsaintdenis.fr\/repository\/302\/3021236663\/1889509032.jpg?resize=425%2C319\" alt=\"19112016 - Concert l'Air de Rien-2\" width=\"425\" height=\"319\" \/><\/p>\n","protected":false},"excerpt":{"rendered":"<p>Le Ch\u0153ur \u00ab\u00a0L\u2019AIR DE RIEN\u00a0\u00bb a propos\u00e9 samedi 19 novembre au CLC un voyage musical en M\u00e9diterran\u00e9e \u00e0 quelques 80 passagers. Les 28 choristes accompagn\u00e9s d\u2019une pianiste, d\u2019une accord\u00e9oniste et sous les ordres du chef de ch\u0153ur nous ont fait &hellip; <a href=\"https:\/\/chorale-lairderien.com\/?p=490\">Continuer la lecture <span class=\"meta-nav\">&rarr;<\/span><\/a><\/p>\n","protected":false},"author":1,"featured_media":0,"comment_status":"closed","ping_status":"closed","sticky":false,"template":"","format":"standard","meta":{"_jetpack_newsletter_access":"","_jetpack_dont_email_post_to_subs":false,"_jetpack_newsletter_tier_id":0,"_jetpack_memberships_contains_paywalled_content":false,"_jetpack_memberships_contains_paid_content":false,"footnotes":""},"categories":[1],"tags":[],"class_list":["post-490","post","type-post","status-publish","format-standard","hentry","category-non-classe"],"jetpack_featured_media_url":"","jetpack_sharing_enabled":true,"jetpack_shortlink":"https:\/\/wp.me\/p5iem3-7U","jetpack_likes_enabled":true,"_links":{"self":[{"href":"https:\/\/chorale-lairderien.com\/index.php?rest_route=\/wp\/v2\/posts\/490","targetHints":{"allow":["GET"]}}],"collection":[{"href":"https:\/\/chorale-lairderien.com\/index.php?rest_route=\/wp\/v2\/posts"}],"about":[{"href":"https:\/\/chorale-lairderien.com\/index.php?rest_route=\/wp\/v2\/types\/post"}],"author":[{"embeddable":true,"href":"https:\/\/chorale-lairderien.com\/index.php?rest_route=\/wp\/v2\/users\/1"}],"replies":[{"embeddable":true,"href":"https:\/\/chorale-lairderien.com\/index.php?rest_route=%2Fwp%2Fv2%2Fcomments&post=490"}],"version-history":[{"count":1,"href":"https:\/\/chorale-lairderien.com\/index.php?rest_route=\/wp\/v2\/posts\/490\/revisions"}],"predecessor-version":[{"id":491,"href":"https:\/\/chorale-lairderien.com\/index.php?rest_route=\/wp\/v2\/posts\/490\/revisions\/491"}],"wp:attachment":[{"href":"https:\/\/chorale-lairderien.com\/index.php?rest_route=%2Fwp%2Fv2%2Fmedia&parent=490"}],"wp:term":[{"taxonomy":"category","embeddable":true,"href":"https:\/\/chorale-lairderien.com\/index.php?rest_route=%2Fwp%2Fv2%2Fcategories&post=490"},{"taxonomy":"post_tag","embeddable":true,"href":"https:\/\/chorale-lairderien.com\/index.php?rest_route=%2Fwp%2Fv2%2Ftags&post=490"}],"curies":[{"name":"wp","href":"https:\/\/api.w.org\/{rel}","templated":true}]}}