{"id":336,"date":"2015-12-09T11:06:24","date_gmt":"2015-12-09T10:06:24","guid":{"rendered":"http:\/\/chorale-lairderien.com\/?p=336"},"modified":"2015-12-15T23:59:49","modified_gmt":"2015-12-15T22:59:49","slug":"concert-du-28-novembre","status":"publish","type":"post","link":"https:\/\/chorale-lairderien.com\/?p=336","title":{"rendered":"Concert du 28 Novembre"},"content":{"rendered":"<p>L&rsquo;Air de Rien a f\u00eat\u00e9 ses 10 ans !<\/p>\n<div id=\"article-sideinfo\">\n<div class=\"illustration\">\n<p>[slideshow_deploy id=&rsquo;379&prime;]<\/p>\n<h4>Pour c\u00e9l\u00e9brer cet anniversaire, une tr\u00e8s belle soir\u00e9e samedi 28 novembre \u00e0 l\u2019Eglise du Mesnil Saint Denis dont l\u2019acoustique accompagne si bien la musique. Les choristes nous ont entrain\u00e9s du Baroque \u00e0 la Renaissance, de Bach \u00e0 Vivaldi, en passant par Martini, Ha\u00ebndel, Lotti, Bennet, Monteverdi, Guerrero et Sch\u00fctz, sous la direction des chefs qui durant ces 10 ann\u00e9es ont men\u00e9 ce ch\u0153ur dynamique\u00a0: Bruno Rastier qui a cr\u00e9\u00e9 l\u2019ensemble, Gilles H\u00fcrstel qui le dirige aujourd\u2019hui, Claude Massoz qui en assure la technique vocale et bien entendu Pauline Perret \u00e0 l\u2019orgue<\/h4>\n<\/div>\n<\/div>\n","protected":false},"excerpt":{"rendered":"<p>L&rsquo;Air de Rien a f\u00eat\u00e9 ses 10 ans ! [slideshow_deploy id=&rsquo;379&prime;] Pour c\u00e9l\u00e9brer cet anniversaire, une tr\u00e8s belle soir\u00e9e samedi 28 novembre \u00e0 l\u2019Eglise du Mesnil Saint Denis dont l\u2019acoustique accompagne si bien la musique. Les choristes nous ont entrain\u00e9s &hellip; <a href=\"https:\/\/chorale-lairderien.com\/?p=336\">Continuer la lecture <span class=\"meta-nav\">&rarr;<\/span><\/a><\/p>\n","protected":false},"author":1,"featured_media":0,"comment_status":"closed","ping_status":"closed","sticky":false,"template":"","format":"standard","meta":{"_jetpack_newsletter_access":"","_jetpack_dont_email_post_to_subs":false,"_jetpack_newsletter_tier_id":0,"_jetpack_memberships_contains_paywalled_content":false,"_jetpack_memberships_contains_paid_content":false,"footnotes":""},"categories":[1],"tags":[],"class_list":["post-336","post","type-post","status-publish","format-standard","hentry","category-non-classe"],"jetpack_featured_media_url":"","jetpack_sharing_enabled":true,"jetpack_shortlink":"https:\/\/wp.me\/p5iem3-5q","jetpack_likes_enabled":true,"_links":{"self":[{"href":"https:\/\/chorale-lairderien.com\/index.php?rest_route=\/wp\/v2\/posts\/336","targetHints":{"allow":["GET"]}}],"collection":[{"href":"https:\/\/chorale-lairderien.com\/index.php?rest_route=\/wp\/v2\/posts"}],"about":[{"href":"https:\/\/chorale-lairderien.com\/index.php?rest_route=\/wp\/v2\/types\/post"}],"author":[{"embeddable":true,"href":"https:\/\/chorale-lairderien.com\/index.php?rest_route=\/wp\/v2\/users\/1"}],"replies":[{"embeddable":true,"href":"https:\/\/chorale-lairderien.com\/index.php?rest_route=%2Fwp%2Fv2%2Fcomments&post=336"}],"version-history":[{"count":9,"href":"https:\/\/chorale-lairderien.com\/index.php?rest_route=\/wp\/v2\/posts\/336\/revisions"}],"predecessor-version":[{"id":381,"href":"https:\/\/chorale-lairderien.com\/index.php?rest_route=\/wp\/v2\/posts\/336\/revisions\/381"}],"wp:attachment":[{"href":"https:\/\/chorale-lairderien.com\/index.php?rest_route=%2Fwp%2Fv2%2Fmedia&parent=336"}],"wp:term":[{"taxonomy":"category","embeddable":true,"href":"https:\/\/chorale-lairderien.com\/index.php?rest_route=%2Fwp%2Fv2%2Fcategories&post=336"},{"taxonomy":"post_tag","embeddable":true,"href":"https:\/\/chorale-lairderien.com\/index.php?rest_route=%2Fwp%2Fv2%2Ftags&post=336"}],"curies":[{"name":"wp","href":"https:\/\/api.w.org\/{rel}","templated":true}]}}