{"id":327,"date":"2015-10-25T16:55:55","date_gmt":"2015-10-25T15:55:55","guid":{"rendered":"http:\/\/chorale-lairderien.com\/?p=327"},"modified":"2015-12-09T10:25:47","modified_gmt":"2015-12-09T09:25:47","slug":"327","status":"publish","type":"post","link":"https:\/\/chorale-lairderien.com\/?p=327","title":{"rendered":"Concert de l&rsquo;Air de Rien d\u00e9j\u00e0 10 ans"},"content":{"rendered":"<p><u><a href=\"https:\/\/i0.wp.com\/chorale-lairderien.com\/wp-content\/uploads\/concert-28-Novembre.jpg?ssl=1\"><img data-recalc-dims=\"1\" loading=\"lazy\" decoding=\"async\" class=\"alignnone size-medium wp-image-332\" src=\"https:\/\/i0.wp.com\/chorale-lairderien.com\/wp-content\/uploads\/concert-28-Novembre.jpg?resize=212%2C300&#038;ssl=1\" alt=\"concert 28 Novembre\" width=\"212\" height=\"300\" \/><\/a><\/u><\/p>\n<p><u>Concert<\/u><u> l&rsquo;Air de Rien f\u00eate ses 10 Ans Samedi 28 Novembre \u00e0 18h \u00e0 l&rsquo;Eglise du Mesnil St Denis :<\/u><\/p>\n<p>A cette occasion, son cr\u00e9ateur Bruno Rastier ainsi que Claude Massoz dirigeront le choeur avec Gilles H\u00fcrstel sur des pi\u00e8ces choisies par chacun d&rsquo;eux. Ils seront accompagn\u00e9s par Pauline Perret \u00e0 l&rsquo;Orgue. Programme Baroque et fin Renaissance.<\/p>\n<p>Venez nombreux, un vin chaud sera offert \u00e0 la fin du concert.<\/p>\n","protected":false},"excerpt":{"rendered":"<p>Concert l&rsquo;Air de Rien f\u00eate ses 10 Ans Samedi 28 Novembre \u00e0 18h \u00e0 l&rsquo;Eglise du Mesnil St Denis : A cette occasion, son cr\u00e9ateur Bruno Rastier ainsi que Claude Massoz dirigeront le choeur avec Gilles H\u00fcrstel sur des pi\u00e8ces &hellip; <a href=\"https:\/\/chorale-lairderien.com\/?p=327\">Continuer la lecture <span class=\"meta-nav\">&rarr;<\/span><\/a><\/p>\n","protected":false},"author":1,"featured_media":0,"comment_status":"closed","ping_status":"closed","sticky":false,"template":"","format":"standard","meta":{"_jetpack_newsletter_access":"","_jetpack_dont_email_post_to_subs":false,"_jetpack_newsletter_tier_id":0,"_jetpack_memberships_contains_paywalled_content":false,"_jetpack_memberships_contains_paid_content":false,"footnotes":""},"categories":[1],"tags":[],"class_list":["post-327","post","type-post","status-publish","format-standard","hentry","category-non-classe"],"jetpack_featured_media_url":"","jetpack_sharing_enabled":true,"jetpack_shortlink":"https:\/\/wp.me\/s5iem3-327","jetpack_likes_enabled":true,"_links":{"self":[{"href":"https:\/\/chorale-lairderien.com\/index.php?rest_route=\/wp\/v2\/posts\/327","targetHints":{"allow":["GET"]}}],"collection":[{"href":"https:\/\/chorale-lairderien.com\/index.php?rest_route=\/wp\/v2\/posts"}],"about":[{"href":"https:\/\/chorale-lairderien.com\/index.php?rest_route=\/wp\/v2\/types\/post"}],"author":[{"embeddable":true,"href":"https:\/\/chorale-lairderien.com\/index.php?rest_route=\/wp\/v2\/users\/1"}],"replies":[{"embeddable":true,"href":"https:\/\/chorale-lairderien.com\/index.php?rest_route=%2Fwp%2Fv2%2Fcomments&post=327"}],"version-history":[{"count":6,"href":"https:\/\/chorale-lairderien.com\/index.php?rest_route=\/wp\/v2\/posts\/327\/revisions"}],"predecessor-version":[{"id":329,"href":"https:\/\/chorale-lairderien.com\/index.php?rest_route=\/wp\/v2\/posts\/327\/revisions\/329"}],"wp:attachment":[{"href":"https:\/\/chorale-lairderien.com\/index.php?rest_route=%2Fwp%2Fv2%2Fmedia&parent=327"}],"wp:term":[{"taxonomy":"category","embeddable":true,"href":"https:\/\/chorale-lairderien.com\/index.php?rest_route=%2Fwp%2Fv2%2Fcategories&post=327"},{"taxonomy":"post_tag","embeddable":true,"href":"https:\/\/chorale-lairderien.com\/index.php?rest_route=%2Fwp%2Fv2%2Ftags&post=327"}],"curies":[{"name":"wp","href":"https:\/\/api.w.org\/{rel}","templated":true}]}}