{"id":282,"date":"2015-05-17T18:56:13","date_gmt":"2015-05-17T17:56:13","guid":{"rendered":"http:\/\/chorale-lairderien.com\/?p=282"},"modified":"2015-05-17T20:47:45","modified_gmt":"2015-05-17T19:47:45","slug":"concerts-cabaret-les-7-et-14-juin","status":"publish","type":"post","link":"https:\/\/chorale-lairderien.com\/?p=282","title":{"rendered":"Concerts \u00ab\u00a0Cabaret\u00a0\u00bb les 7 et 14 juin !"},"content":{"rendered":"<p style=\"text-align: justify;\"><a href=\"https:\/\/i0.wp.com\/chorale-lairderien.fr\/wp-content\/uploads\/Affiche-Concert-cabaret.jpg\"><img data-recalc-dims=\"1\" loading=\"lazy\" decoding=\"async\" class=\"alignleft wp-image-280\" src=\"https:\/\/i0.wp.com\/chorale-lairderien.fr\/wp-content\/uploads\/Affiche-Concert-cabaret-224x300.jpg?resize=368%2C492\" alt=\"Affiche Concert cabaret\" width=\"368\" height=\"492\" srcset=\"https:\/\/i0.wp.com\/chorale-lairderien.com\/wp-content\/uploads\/Affiche-Concert-cabaret.jpg?resize=224%2C300&amp;ssl=1 224w, https:\/\/i0.wp.com\/chorale-lairderien.com\/wp-content\/uploads\/Affiche-Concert-cabaret.jpg?resize=767%2C1024&amp;ssl=1 767w, https:\/\/i0.wp.com\/chorale-lairderien.com\/wp-content\/uploads\/Affiche-Concert-cabaret.jpg?w=1280&amp;ssl=1 1280w, https:\/\/i0.wp.com\/chorale-lairderien.com\/wp-content\/uploads\/Affiche-Concert-cabaret.jpg?w=1920&amp;ssl=1 1920w\" sizes=\"auto, (max-width: 368px) 100vw, 368px\" \/><\/a>Les ch\u0153urs d&rsquo;enfants et de jeunes SOLFEGGIO et SOLFEGGIETTO de l&rsquo;AIR de RIEN se joignent cette ann\u00e9e aux ch\u0153urs d&rsquo;enfants de l&rsquo;\u00e9cole de musique d&rsquo;Elancourt pour vous proposer un spectacle Cabaret au programme dynamique et tr\u00e8s vari\u00e9 !<\/p>\n<p style=\"text-align: justify;\">4 groupes soit plus de 40 enfants ou jeunes chanteront ensemble ou successivement.<br \/>\nVous ne devriez pas vous ennuyer !<\/p>\n<p style=\"text-align: justify;\"><span style=\"font-size: large;\"><b>Vo<\/b><b>us \u00ab\u00a0risquez\u00a0\u00bb m\u00eame de passer un tr\u00e8s bon moment\u00a0 <\/b><b>!<\/b><\/span><\/p>\n<p style=\"text-align: justify;\">N&rsquo;h\u00e9sitez pas \u00e0 r\u00e9server les dates d\u00e8s maintenant.<\/p>\n<div><\/div>\n<div><\/div>\n<div><span style=\"font-size: large;\"><b>Dimanche 7 juin &#8211; 18h &#8211; au CLC du Mesnil<br \/>\n<\/b><\/span><\/div>\n<div><span style=\"font-size: large;\"><b>Dimanche 14 juin &#8211; 18h &#8211; \u00e0 la ferme du Mousseau, Elancourt<\/b><\/span><\/div>\n<div><\/div>\n","protected":false},"excerpt":{"rendered":"<p>Les ch\u0153urs d&rsquo;enfants et de jeunes SOLFEGGIO et SOLFEGGIETTO de l&rsquo;AIR de RIEN se joignent cette ann\u00e9e aux ch\u0153urs d&rsquo;enfants de l&rsquo;\u00e9cole de musique d&rsquo;Elancourt pour vous proposer un spectacle Cabaret au programme dynamique et tr\u00e8s vari\u00e9 ! 4 groupes &hellip; <a href=\"https:\/\/chorale-lairderien.com\/?p=282\">Continuer la lecture <span class=\"meta-nav\">&rarr;<\/span><\/a><\/p>\n","protected":false},"author":1,"featured_media":0,"comment_status":"closed","ping_status":"closed","sticky":false,"template":"","format":"standard","meta":{"_jetpack_newsletter_access":"","_jetpack_dont_email_post_to_subs":false,"_jetpack_newsletter_tier_id":0,"_jetpack_memberships_contains_paywalled_content":false,"_jetpack_memberships_contains_paid_content":false,"footnotes":""},"categories":[1],"tags":[],"class_list":["post-282","post","type-post","status-publish","format-standard","hentry","category-non-classe"],"jetpack_featured_media_url":"","jetpack_sharing_enabled":true,"jetpack_shortlink":"https:\/\/wp.me\/p5iem3-4y","jetpack_likes_enabled":true,"_links":{"self":[{"href":"https:\/\/chorale-lairderien.com\/index.php?rest_route=\/wp\/v2\/posts\/282","targetHints":{"allow":["GET"]}}],"collection":[{"href":"https:\/\/chorale-lairderien.com\/index.php?rest_route=\/wp\/v2\/posts"}],"about":[{"href":"https:\/\/chorale-lairderien.com\/index.php?rest_route=\/wp\/v2\/types\/post"}],"author":[{"embeddable":true,"href":"https:\/\/chorale-lairderien.com\/index.php?rest_route=\/wp\/v2\/users\/1"}],"replies":[{"embeddable":true,"href":"https:\/\/chorale-lairderien.com\/index.php?rest_route=%2Fwp%2Fv2%2Fcomments&post=282"}],"version-history":[{"count":4,"href":"https:\/\/chorale-lairderien.com\/index.php?rest_route=\/wp\/v2\/posts\/282\/revisions"}],"predecessor-version":[{"id":286,"href":"https:\/\/chorale-lairderien.com\/index.php?rest_route=\/wp\/v2\/posts\/282\/revisions\/286"}],"wp:attachment":[{"href":"https:\/\/chorale-lairderien.com\/index.php?rest_route=%2Fwp%2Fv2%2Fmedia&parent=282"}],"wp:term":[{"taxonomy":"category","embeddable":true,"href":"https:\/\/chorale-lairderien.com\/index.php?rest_route=%2Fwp%2Fv2%2Fcategories&post=282"},{"taxonomy":"post_tag","embeddable":true,"href":"https:\/\/chorale-lairderien.com\/index.php?rest_route=%2Fwp%2Fv2%2Ftags&post=282"}],"curies":[{"name":"wp","href":"https:\/\/api.w.org\/{rel}","templated":true}]}}