{"id":271,"date":"2015-01-26T15:15:00","date_gmt":"2015-01-26T14:15:00","guid":{"rendered":"http:\/\/chorale-lairderien.com\/?p=271"},"modified":"2015-01-27T07:43:07","modified_gmt":"2015-01-27T06:43:07","slug":"concert-du-9-janvier-a-leglise-du-mesnil","status":"publish","type":"post","link":"https:\/\/chorale-lairderien.com\/?p=271","title":{"rendered":"Concert du 9 janvier \u00e0 l&rsquo;\u00e9glise du Mesnil"},"content":{"rendered":"<p style=\"text-align: justify;\">L&rsquo;\u00e9glise \u00e9tait pleine le 9 janvier dernier au Mesnil Saint Denis.<\/p>\n<p style=\"text-align: justify;\">Le concert \u00ab\u00a0Partons en Voyage&#8230;\u00a0\u00bb a d\u00e9but\u00e9 par le chant traditionnel de No\u00ebl par excellence \u00ab\u00a0Douce Nuit\u00a0\u00bb, interpr\u00e9t\u00e9 par tous les musiciens et chanteurs participants au concert arriv\u00e9s en procession du fond de l&rsquo;\u00e9glise jusqu&rsquo;\u00e0 l&rsquo;autel, portant chacun une bougie.<\/p>\n<p style=\"text-align: justify;\"><a href=\"https:\/\/i0.wp.com\/www.libraccords.fr\/wp-content\/uploads\/2015\/01\/TUTTI-090115.jpg\"><img data-recalc-dims=\"1\" loading=\"lazy\" decoding=\"async\" class=\"alignleft size-medium wp-image-378\" src=\"https:\/\/i0.wp.com\/www.libraccords.fr\/wp-content\/uploads\/2015\/01\/TUTTI-090115-300x199.jpg?resize=300%2C199\" alt=\"\" width=\"300\" height=\"199\" \/><\/a>Apr\u00e8s une minute de silence en hommage aux victimes des r\u00e9cents attentats, Solfeggietto, le choeur d&rsquo;enfants de 8 \u00e0 11 ans de l&rsquo;Air de Rien a entam\u00e9 le programme : des chants traditionnels de No\u00ebl dans des arrangements un peu particuliers. Ainsi, le public nombreux a pu r\u00e9entendre des No\u00ebls anciens tels que \u00ab\u00a0il est n\u00e9 le divin enfant\u00a0\u00bb, dont la m\u00e9lodie est tir\u00e9e d&rsquo;un air de chasse du XVII\u00e8me si\u00e8cle, puis \u00ab\u00a0Entre le boeuf et l&rsquo;\u00e2ne gris\u00a0\u00bb, un des plus anciens No\u00ebls puisque datant du XVI\u00e8me si\u00e8cle&#8230;. et d&rsquo;autres encore.<\/p>\n<p style=\"text-align: justify;\">Les Dr\u00f4les de Dames de l&rsquo;association Libr&rsquo;Accords, invit\u00e9es par l&rsquo;Air de Rien, ont pris la suite, chantant elles aussi des chants traditionnels, \u00e0 3 voix de femmes accompagn\u00e9es tour \u00e0 tour par le piano ou un violoncelle&#8230;<\/p>\n<p style=\"text-align: justify;\">Puis, nous avons pu \u00e9couter une magnifique pi\u00e8ce de Bach pour Piano et Violon : l&rsquo;Andante de la Sonate n\u00b02 de J.S. Bach.<\/p>\n<p style=\"text-align: justify;\">Enfin, le ch\u0153ur d&rsquo;adolescents Solfeggio a interpr\u00e9t\u00e9 un r\u00e9pertoire des plus vari\u00e9s. A commencer par le Tiebe Poiem de Dmitri Bortniansky, \u00e0 4 voix, puis dans un registre compl\u00e8tement diff\u00e9rent la c\u00e9l\u00e8bre ballade irlandaise \u00ab\u00a0You raise me up\u00a0\u00bb. Ensuite, un chant tout \u00e0 fait original o\u00f9 l&rsquo;on entendait des cloches sonner&#8230; \u00ab\u00a0Ding a ding a ding\u00a0\u00bb&#8230; \u00e0 4 voix \u00e9galement dont un passage \u00e0 2 choeurs. Ont suivi une berceuse espagnole \u00ab\u00a0Duermete\u00a0\u00bb, accompagn\u00e9e au piano et \u00e0 la flute traversi\u00e8re et enfin, \u00ab\u00a0Carol of the Star\u00a0\u00bb, une pi\u00e8ce en anglais et en latin&#8230;. sur une m\u00e9lodie traditionnelle de No\u00ebl &#8230; fran\u00e7aise !!<\/p>\n<p style=\"text-align: justify;\">C&rsquo;est une version dynamique \u00e0 4 voix a capella de la tr\u00e8s connue Marche des Rois (traditionnel proven\u00e7al, dont la musique serait attribu\u00e9e \u00e0 Lully) qui a cl\u00f4tur\u00e9 le concert, interpr\u00e9t\u00e9e par les 3 groupes r\u00e9unis, toute g\u00e9n\u00e9ration confondue !<\/p>\n","protected":false},"excerpt":{"rendered":"<p>L&rsquo;\u00e9glise \u00e9tait pleine le 9 janvier dernier au Mesnil Saint Denis. Le concert \u00ab\u00a0Partons en Voyage&#8230;\u00a0\u00bb a d\u00e9but\u00e9 par le chant traditionnel de No\u00ebl par excellence \u00ab\u00a0Douce Nuit\u00a0\u00bb, interpr\u00e9t\u00e9 par tous les musiciens et chanteurs participants au concert arriv\u00e9s en &hellip; <a href=\"https:\/\/chorale-lairderien.com\/?p=271\">Continuer la lecture <span class=\"meta-nav\">&rarr;<\/span><\/a><\/p>\n","protected":false},"author":1,"featured_media":0,"comment_status":"closed","ping_status":"closed","sticky":false,"template":"","format":"standard","meta":{"_jetpack_newsletter_access":"","_jetpack_dont_email_post_to_subs":false,"_jetpack_newsletter_tier_id":0,"_jetpack_memberships_contains_paywalled_content":false,"_jetpack_memberships_contains_paid_content":false,"footnotes":""},"categories":[1],"tags":[],"class_list":["post-271","post","type-post","status-publish","format-standard","hentry","category-non-classe"],"jetpack_featured_media_url":"","jetpack_sharing_enabled":true,"jetpack_shortlink":"https:\/\/wp.me\/p5iem3-4n","jetpack_likes_enabled":true,"_links":{"self":[{"href":"https:\/\/chorale-lairderien.com\/index.php?rest_route=\/wp\/v2\/posts\/271","targetHints":{"allow":["GET"]}}],"collection":[{"href":"https:\/\/chorale-lairderien.com\/index.php?rest_route=\/wp\/v2\/posts"}],"about":[{"href":"https:\/\/chorale-lairderien.com\/index.php?rest_route=\/wp\/v2\/types\/post"}],"author":[{"embeddable":true,"href":"https:\/\/chorale-lairderien.com\/index.php?rest_route=\/wp\/v2\/users\/1"}],"replies":[{"embeddable":true,"href":"https:\/\/chorale-lairderien.com\/index.php?rest_route=%2Fwp%2Fv2%2Fcomments&post=271"}],"version-history":[{"count":5,"href":"https:\/\/chorale-lairderien.com\/index.php?rest_route=\/wp\/v2\/posts\/271\/revisions"}],"predecessor-version":[{"id":278,"href":"https:\/\/chorale-lairderien.com\/index.php?rest_route=\/wp\/v2\/posts\/271\/revisions\/278"}],"wp:attachment":[{"href":"https:\/\/chorale-lairderien.com\/index.php?rest_route=%2Fwp%2Fv2%2Fmedia&parent=271"}],"wp:term":[{"taxonomy":"category","embeddable":true,"href":"https:\/\/chorale-lairderien.com\/index.php?rest_route=%2Fwp%2Fv2%2Fcategories&post=271"},{"taxonomy":"post_tag","embeddable":true,"href":"https:\/\/chorale-lairderien.com\/index.php?rest_route=%2Fwp%2Fv2%2Ftags&post=271"}],"curies":[{"name":"wp","href":"https:\/\/api.w.org\/{rel}","templated":true}]}}