{"id":1429,"date":"2026-03-16T11:16:45","date_gmt":"2026-03-16T10:16:45","guid":{"rendered":"https:\/\/chorale-lairderien.com\/?p=1429"},"modified":"2026-03-16T11:20:50","modified_gmt":"2026-03-16T10:20:50","slug":"resultat-du-concert-du-telethon","status":"publish","type":"post","link":"https:\/\/chorale-lairderien.com\/?p=1429","title":{"rendered":"R\u00e9sultat du concert du T\u00e9l\u00e9thon"},"content":{"rendered":"\n<figure class=\"wp-block-image size-full is-resized\"><img data-recalc-dims=\"1\" loading=\"lazy\" decoding=\"async\" width=\"357\" height=\"244\" src=\"https:\/\/i0.wp.com\/chorale-lairderien.com\/wp-content\/uploads\/resu-Telethon.jpg?resize=357%2C244&#038;ssl=1\" alt=\"\" class=\"wp-image-1430\" style=\"width:500px;height:auto\"\/><\/figure>\n\n\n\n<p>Un immense merci \u00e0 vous tous qui avez assist\u00e9 \u00e0 notre concert de <strong>L\u2019Air de Rien<\/strong>, ce&nbsp;<strong>dimanche 7 d\u00e9cembre 2025<\/strong>.<br>Votre pr\u00e9sence, votre \u00e9coute attentive et vos chaleureux applaudissements ont largement contribu\u00e9 \u00e0 la r\u00e9ussite de ce moment musical et solidaire.<\/p>\n\n\n\n<p>Gr\u00e2ce \u00e0 votre g\u00e9n\u00e9rosit\u00e9, ce concert a permis de r\u00e9colter <strong>1960 \u20ac au profit du<\/strong> <strong>T\u00e9l\u00e9thon<\/strong>. Ensemble, nous avons uni nos voix et nos c\u0153urs pour soutenir une cause essentielle.<\/p>\n\n\n\n<p>Au nom de L&rsquo;AFM<strong>TELETHON<\/strong>, de l\u2019ensemble des choristes et de notre cheffe de ch\u0153ur,&nbsp;<strong>merci<\/strong> pour votre engagement, votre bienveillance et votre fid\u00e9lit\u00e9.<\/p>\n\n\n\n<p><\/p>\n","protected":false},"excerpt":{"rendered":"<p>Un immense merci \u00e0 vous tous qui avez assist\u00e9 \u00e0 notre concert de L\u2019Air de Rien, ce&nbsp;dimanche 7 d\u00e9cembre 2025.Votre pr\u00e9sence, votre \u00e9coute attentive et vos chaleureux applaudissements ont largement contribu\u00e9 \u00e0 la r\u00e9ussite de ce moment musical et solidaire. &hellip; <a href=\"https:\/\/chorale-lairderien.com\/?p=1429\">Continuer la lecture <span class=\"meta-nav\">&rarr;<\/span><\/a><\/p>\n","protected":false},"author":2,"featured_media":0,"comment_status":"closed","ping_status":"closed","sticky":false,"template":"","format":"standard","meta":{"_jetpack_newsletter_access":"","_jetpack_dont_email_post_to_subs":false,"_jetpack_newsletter_tier_id":0,"_jetpack_memberships_contains_paywalled_content":false,"_jetpack_memberships_contains_paid_content":false,"footnotes":""},"categories":[1],"tags":[],"class_list":["post-1429","post","type-post","status-publish","format-standard","hentry","category-non-classe"],"jetpack_featured_media_url":"","jetpack_sharing_enabled":true,"jetpack_shortlink":"https:\/\/wp.me\/p5iem3-n3","jetpack_likes_enabled":true,"_links":{"self":[{"href":"https:\/\/chorale-lairderien.com\/index.php?rest_route=\/wp\/v2\/posts\/1429","targetHints":{"allow":["GET"]}}],"collection":[{"href":"https:\/\/chorale-lairderien.com\/index.php?rest_route=\/wp\/v2\/posts"}],"about":[{"href":"https:\/\/chorale-lairderien.com\/index.php?rest_route=\/wp\/v2\/types\/post"}],"author":[{"embeddable":true,"href":"https:\/\/chorale-lairderien.com\/index.php?rest_route=\/wp\/v2\/users\/2"}],"replies":[{"embeddable":true,"href":"https:\/\/chorale-lairderien.com\/index.php?rest_route=%2Fwp%2Fv2%2Fcomments&post=1429"}],"version-history":[{"count":3,"href":"https:\/\/chorale-lairderien.com\/index.php?rest_route=\/wp\/v2\/posts\/1429\/revisions"}],"predecessor-version":[{"id":1433,"href":"https:\/\/chorale-lairderien.com\/index.php?rest_route=\/wp\/v2\/posts\/1429\/revisions\/1433"}],"wp:attachment":[{"href":"https:\/\/chorale-lairderien.com\/index.php?rest_route=%2Fwp%2Fv2%2Fmedia&parent=1429"}],"wp:term":[{"taxonomy":"category","embeddable":true,"href":"https:\/\/chorale-lairderien.com\/index.php?rest_route=%2Fwp%2Fv2%2Fcategories&post=1429"},{"taxonomy":"post_tag","embeddable":true,"href":"https:\/\/chorale-lairderien.com\/index.php?rest_route=%2Fwp%2Fv2%2Ftags&post=1429"}],"curies":[{"name":"wp","href":"https:\/\/api.w.org\/{rel}","templated":true}]}}