{"id":1388,"date":"2025-10-13T18:34:09","date_gmt":"2025-10-13T17:34:09","guid":{"rendered":"https:\/\/chorale-lairderien.com\/?p=1388"},"modified":"2025-11-13T18:40:38","modified_gmt":"2025-11-13T17:40:38","slug":"le-7-decembre-a-18h-concert-au-profit-du-telethon","status":"publish","type":"post","link":"https:\/\/chorale-lairderien.com\/?p=1388","title":{"rendered":"Le 7 d\u00e9cembre \u00e0 18h: Concert au profit du TELETHON"},"content":{"rendered":"\n<p class=\"has-text-align-center\" style=\"font-size:16px\"><strong><strong>\u00ab <\/strong>Chantons pour gu\u00e9rir <strong>\u00bb <\/strong> avec L&rsquo;Air de Rien au profit du TELETHON<\/strong><br>le 7 d\u00e9cembre \u00e0 18h en l&rsquo;\u00e9glise du Mesnil St-Denis.<br><strong><em>Tarif unique: 12\u20ac<\/em><\/strong><\/p>\n\n\n\n<p><\/p>\n\n\n\n<div class=\"wp-block-buttons is-content-justification-center is-layout-flex wp-container-core-buttons-is-layout-16018d1d wp-block-buttons-is-layout-flex\">\n<div class=\"wp-block-button has-custom-width wp-block-button__width-50 is-style-fill\"><a class=\"wp-block-button__link has-black-color has-text-color has-background has-link-color has-text-align-center wp-element-button\" href=\"https:\/\/www.helloasso.com\/associations\/l-air-de-rien-le-mesnil-saint-denis\/evenements\/concert-telethon-du-dimanche-7-decembre-2025\" style=\"background-color:#ffff00\" target=\"_blank\" rel=\"noreferrer noopener\">R\u00e9servation:<br>Cliquer ICI<\/a><\/div>\n<\/div>\n\n\n\n<p class=\"has-text-align-center\"><br>La chorale <strong>\u201cL\u2019Air de rien\u201d<\/strong> du Mesnil-Saint-Denis<br>s\u2019associe cette ann\u00e9e avec l\u2019<strong>AFM-T\u00e9l\u00e9thon,<\/strong><br>pour un concert solidaire<br>\u00e0 l\u2019<strong>\u00e9glise du Mesnil-Saint-Denis<\/strong>,&nbsp;<br>dans une atmosph\u00e8re chaleureuse et g\u00e9n\u00e9reuse.&nbsp;<br><br>Le programme mettra en avant de grands compositeurs tels que <strong>W.A. Mozart, C. Saint-Sa\u00ebns, C. Franck, J. Offenbach, A. Bruckner, H. Sch\u00fctz, J.P. Rameau, I. Berlin, J. Rutter, G. Faur\u00e9<\/strong>, et bien d\u2019autres.<\/p>\n\n\n\n<p class=\"has-text-align-center\">Un moment d\u2019\u00e9motion et de partage, o\u00f9 la musique se met au service de la recherche et de la solidarit\u00e9.<br><\/p>\n\n\n\n<figure class=\"wp-block-image size-full\"><img data-recalc-dims=\"1\" loading=\"lazy\" decoding=\"async\" width=\"640\" height=\"905\" src=\"https:\/\/i0.wp.com\/chorale-lairderien.com\/wp-content\/uploads\/R2R-TELETHON.jpg?resize=640%2C905&#038;ssl=1\" alt=\"\" class=\"wp-image-1391\" srcset=\"https:\/\/i0.wp.com\/chorale-lairderien.com\/wp-content\/uploads\/R2R-TELETHON.jpg?w=1754&amp;ssl=1 1754w, https:\/\/i0.wp.com\/chorale-lairderien.com\/wp-content\/uploads\/R2R-TELETHON.jpg?resize=707%2C1000&amp;ssl=1 707w, https:\/\/i0.wp.com\/chorale-lairderien.com\/wp-content\/uploads\/R2R-TELETHON.jpg?resize=1086%2C1536&amp;ssl=1 1086w, https:\/\/i0.wp.com\/chorale-lairderien.com\/wp-content\/uploads\/R2R-TELETHON.jpg?resize=1448%2C2048&amp;ssl=1 1448w, https:\/\/i0.wp.com\/chorale-lairderien.com\/wp-content\/uploads\/R2R-TELETHON.jpg?w=1280&amp;ssl=1 1280w\" sizes=\"auto, (max-width: 640px) 100vw, 640px\" \/><\/figure>\n\n\n\n<p><\/p>\n\n\n\n<h3 class=\"wp-block-heading\"><strong>PARTENAIRES et DONS<\/strong><\/h3>\n\n\n\n<div class=\"wp-block-jetpack-tiled-gallery aligncenter is-style-rectangular\"><div class=\"\"><div class=\"tiled-gallery__gallery\"><div class=\"tiled-gallery__row\"><div class=\"tiled-gallery__col\" style=\"flex-basis:48.30982%\"><figure class=\"tiled-gallery__item\"><img decoding=\"async\" srcset=\"https:\/\/i0.wp.com\/chorale-lairderien.com\/wp-content\/uploads\/image-1.png?strip=info&#038;w=227&#038;ssl=1 227w\" alt=\"\" data-height=\"151\" data-id=\"1397\" data-link=\"https:\/\/chorale-lairderien.com\/?attachment_id=1397\" data-url=\"https:\/\/chorale-lairderien.com\/wp-content\/uploads\/image-1.png\" data-width=\"227\" src=\"https:\/\/i0.wp.com\/chorale-lairderien.com\/wp-content\/uploads\/image-1.png?ssl=1\" data-amp-layout=\"responsive\"\/><\/figure><\/div><div class=\"tiled-gallery__col\" style=\"flex-basis:51.69018%\"><figure class=\"tiled-gallery__item\"><img decoding=\"async\" srcset=\"https:\/\/i0.wp.com\/chorale-lairderien.com\/wp-content\/uploads\/intermarcher-verriere-1.png?strip=info&#038;w=214&#038;ssl=1 214w\" alt=\"\" data-height=\"133\" data-id=\"1401\" data-link=\"https:\/\/chorale-lairderien.com\/?attachment_id=1401\" data-url=\"https:\/\/chorale-lairderien.com\/wp-content\/uploads\/intermarcher-verriere-1.png\" data-width=\"214\" src=\"https:\/\/i0.wp.com\/chorale-lairderien.com\/wp-content\/uploads\/intermarcher-verriere-1.png?ssl=1\" data-amp-layout=\"responsive\"\/><\/figure><\/div><\/div><\/div><\/div><\/div>\n\n\n\n<p> <\/p>\n\n\n\n<p class=\"has-medium-font-size\"><a href=\"https:\/\/mapage.telethon.fr\/animation\/L-Air-de-rien-Chantons-pour-Guerir\">Vous souhaitez faire un don directement au t\u00e9l\u00e9thon<\/a><br><\/p>\n\n\n\n<p class=\"has-small-font-size\">NB : Votre don vous permet de b\u00e9n\u00e9ficier d\u2019une r\u00e9duction d\u2019imp\u00f4ts entre 60 et 75% en fonction de l\u2019IFI, l\u2019IR ou l\u2019IS. Merci pour votre solidarit\u00e9 \u00e0 travers votre don.<\/p>\n\n\n\n<p><\/p>\n","protected":false},"excerpt":{"rendered":"<p>\u00ab Chantons pour gu\u00e9rir \u00bb avec L&rsquo;Air de Rien au profit du TELETHONle 7 d\u00e9cembre \u00e0 18h en l&rsquo;\u00e9glise du Mesnil St-Denis.Tarif unique: 12\u20ac La chorale \u201cL\u2019Air de rien\u201d du Mesnil-Saint-Deniss\u2019associe cette ann\u00e9e avec l\u2019AFM-T\u00e9l\u00e9thon,pour un concert solidaire\u00e0 l\u2019\u00e9glise du &hellip; <a href=\"https:\/\/chorale-lairderien.com\/?p=1388\">Continuer la lecture <span class=\"meta-nav\">&rarr;<\/span><\/a><\/p>\n","protected":false},"author":2,"featured_media":0,"comment_status":"closed","ping_status":"closed","sticky":false,"template":"","format":"standard","meta":{"_jetpack_newsletter_access":"","_jetpack_dont_email_post_to_subs":true,"_jetpack_newsletter_tier_id":0,"_jetpack_memberships_contains_paywalled_content":false,"_jetpack_memberships_contains_paid_content":false,"footnotes":""},"categories":[1],"tags":[],"class_list":["post-1388","post","type-post","status-publish","format-standard","hentry","category-non-classe"],"jetpack_featured_media_url":"","jetpack_sharing_enabled":true,"jetpack_shortlink":"https:\/\/wp.me\/p5iem3-mo","jetpack_likes_enabled":true,"_links":{"self":[{"href":"https:\/\/chorale-lairderien.com\/index.php?rest_route=\/wp\/v2\/posts\/1388","targetHints":{"allow":["GET"]}}],"collection":[{"href":"https:\/\/chorale-lairderien.com\/index.php?rest_route=\/wp\/v2\/posts"}],"about":[{"href":"https:\/\/chorale-lairderien.com\/index.php?rest_route=\/wp\/v2\/types\/post"}],"author":[{"embeddable":true,"href":"https:\/\/chorale-lairderien.com\/index.php?rest_route=\/wp\/v2\/users\/2"}],"replies":[{"embeddable":true,"href":"https:\/\/chorale-lairderien.com\/index.php?rest_route=%2Fwp%2Fv2%2Fcomments&post=1388"}],"version-history":[{"count":5,"href":"https:\/\/chorale-lairderien.com\/index.php?rest_route=\/wp\/v2\/posts\/1388\/revisions"}],"predecessor-version":[{"id":1402,"href":"https:\/\/chorale-lairderien.com\/index.php?rest_route=\/wp\/v2\/posts\/1388\/revisions\/1402"}],"wp:attachment":[{"href":"https:\/\/chorale-lairderien.com\/index.php?rest_route=%2Fwp%2Fv2%2Fmedia&parent=1388"}],"wp:term":[{"taxonomy":"category","embeddable":true,"href":"https:\/\/chorale-lairderien.com\/index.php?rest_route=%2Fwp%2Fv2%2Fcategories&post=1388"},{"taxonomy":"post_tag","embeddable":true,"href":"https:\/\/chorale-lairderien.com\/index.php?rest_route=%2Fwp%2Fv2%2Ftags&post=1388"}],"curies":[{"name":"wp","href":"https:\/\/api.w.org\/{rel}","templated":true}]}}