{"id":1381,"date":"2025-06-11T16:58:16","date_gmt":"2025-06-11T15:58:16","guid":{"rendered":"https:\/\/chorale-lairderien.com\/?p=1381"},"modified":"2025-06-11T16:59:15","modified_gmt":"2025-06-11T15:59:15","slug":"nouvelle-date-le-20-septembre-2025-lair-de-rien-souffle-ses-20-bougies","status":"publish","type":"post","link":"https:\/\/chorale-lairderien.com\/?p=1381","title":{"rendered":"Nouvelle Date le 20 septembre 2025 \u00a0\u00ab\u00a0L&rsquo;Air de rien souffle ses 20 bougies !\u00a0\u00bb"},"content":{"rendered":"\n<figure class=\"wp-block-image size-full\"><img data-recalc-dims=\"1\" loading=\"lazy\" decoding=\"async\" width=\"640\" height=\"905\" src=\"https:\/\/i0.wp.com\/chorale-lairderien.com\/wp-content\/uploads\/affiche-air-de-rien-2e-date-v04.jpg?resize=640%2C905&#038;ssl=1\" alt=\"\" class=\"wp-image-1380\" srcset=\"https:\/\/i0.wp.com\/chorale-lairderien.com\/wp-content\/uploads\/affiche-air-de-rien-2e-date-v04.jpg?w=1122&amp;ssl=1 1122w, https:\/\/i0.wp.com\/chorale-lairderien.com\/wp-content\/uploads\/affiche-air-de-rien-2e-date-v04.jpg?resize=707%2C1000&amp;ssl=1 707w, https:\/\/i0.wp.com\/chorale-lairderien.com\/wp-content\/uploads\/affiche-air-de-rien-2e-date-v04.jpg?resize=1086%2C1536&amp;ssl=1 1086w\" sizes=\"auto, (max-width: 640px) 100vw, 640px\" \/><\/figure>\n\n\n\n<div class=\"wp-block-buttons is-content-justification-center is-layout-flex wp-container-core-buttons-is-layout-16018d1d wp-block-buttons-is-layout-flex\">\n<div class=\"wp-block-button has-custom-width wp-block-button__width-50 is-style-fill\"><a class=\"wp-block-button__link has-black-color has-text-color has-background has-link-color has-text-align-center wp-element-button\" href=\"https:\/\/www.helloasso.com\/associations\/l-air-de-rien-le-mesnil-saint-denis\/evenements\/apero-concert-samedi-20-septembre-au-clc\" style=\"background-color:#ffff00\" target=\"_blank\" rel=\"noreferrer noopener\">R\u00e9servation:<br>Cliquer ICI<\/a><\/div>\n<\/div>\n\n\n\n<p class=\"has-text-align-center has-medium-font-size\"><br><strong>L&rsquo;Air de rien souffle ses 20 bougies !<\/strong><\/p>\n\n\n\n<p class=\"has-text-align-center\">Et comme on chante plus juste quand on a le ventre<br>plein, on vous invite \u00e0 un <strong>ap\u00e9ritif-concert<\/strong> o\u00f9 la<br>musique se croque, se sirote et se savoure.<\/p>\n\n\n\n<p class=\"has-text-align-center\"><strong>&#x1f3b6; \u00c0 l\u2019ardoise :<\/strong><br><br>Un joyeux <strong>\u00ab\u00a0C&rsquo;est la f\u00eate\u00a0\u00bb<\/strong>, accompagn\u00e9 d\u2019un<br><strong>\u00ab\u00a0Jambon de Bayonne\u00a0\u00bb<\/strong> tout en rondeur.<br>Suivront les saveurs sucr\u00e9es-sal\u00e9es<br>de <strong>\u00ab\u00a0La confiture\u00a0\u00bb<\/strong> et des <strong>\u00ab\u00a0Cornichons\u00a0\u00bb<\/strong>,<br><br>le tout saupoudr\u00e9 d&rsquo;un soup\u00e7on d&rsquo;ironie bien relev\u00e9e.<br>Pour les amateurs de cocktails exotiques : laissez-vous enivrer<br>par la chaleur rythm\u00e9e de <strong>\u00ab\u00a0Tequila Samba\u00a0\u00bb<\/strong> \u00e0 consommer<br>sans mod\u00e9ration musicale, et pour tenir jusqu\u2019\u00e0 la derni\u00e8re<br>note, on ne l\u00e9sine pas sur la tradition :<br>Un <strong>\u00ab\u00a0Caf\u00e9\u00a0\u00bb<\/strong> pour se r\u00e9veiller. <img data-recalc-dims=\"1\" decoding=\"async\" src=\"https:\/\/i0.wp.com\/fonts.gstatic.com\/s\/e\/notoemoji\/16.0\/2615\/32.png?w=640&#038;ssl=1\" alt=\"&#x2615;\"><br>et Un verre de <strong>\u00ab\u00a0Vin clairet\u00a0\u00bb<\/strong> pour prolonger la f\u00eate. <img data-recalc-dims=\"1\" decoding=\"async\" src=\"https:\/\/i0.wp.com\/fonts.gstatic.com\/s\/e\/notoemoji\/16.0\/1f377\/32.png?w=640&#038;ssl=1\" alt=\"&#x1f377;\"><br><br>Mais ce cocktail musical ne s\u2019arr\u00eate pas l\u00e0 ! D\u00e9couvrez un<br><strong>\u00ab\u00a0Monde merveilleux\u00a0\u00bb<\/strong>,<br>o\u00f9 pousse un <strong>\u00ab\u00a0Citronnier jaune\u00a0\u00bb<\/strong> lumineux,<br>avant de conclure avec une d\u00e9licieuse part<br>de <strong>\u00ab\u00a0Cake d\u2019amour\u00a0\u00bb<\/strong>. <img data-recalc-dims=\"1\" decoding=\"async\" src=\"https:\/\/i0.wp.com\/fonts.gstatic.com\/s\/e\/notoemoji\/16.0\/1f34b\/32.png?w=640&#038;ssl=1\" alt=\"&#x1f34b;\"><img data-recalc-dims=\"1\" decoding=\"async\" src=\"https:\/\/i0.wp.com\/fonts.gstatic.com\/s\/e\/notoemoji\/16.0\/1f382\/32.png?w=640&#038;ssl=1\" alt=\"&#x1f382;\"><br>Nous vous promettons une soir\u00e9e d\u00e9licieusement savoureuse,<br>o\u00f9 il n\u2019en faudra <strong>\u00ab\u00a0pas beaucoup pour \u00eatre heureux\u00a0\u00bb<\/strong>.<br><br>Et quand vous croirez que c\u2019est fini\u2026 <strong>Bohemian Rhapsody<\/strong><br>viendra vous rappeler que non, en fait,<br>ce n\u2019est jamais fini avec nous.<br><br>&#x1f4c5; <strong>Rendez-vous le samedi 20 septembre 2025 <\/strong>pour cet<br>\u00ab <strong>Ap\u00e9ritif \u2013concert<\/strong> \u00bb,<br>qui c\u00e9l\u00e8bre \u00e9galement les <strong>20 ans<\/strong> de la chorale <strong>L\u2019Air de rien<\/strong> !<br><br>R\u00e9servez votre place, on vous garantit un cocktail musical<br>dont vous sortirez rassasi\u00e9s\u2026 de bonne humeur ! <img data-recalc-dims=\"1\" decoding=\"async\" src=\"https:\/\/i0.wp.com\/fonts.gstatic.com\/s\/e\/notoemoji\/16.0\/1f389\/32.png?w=640&#038;ssl=1\" alt=\"&#x1f389;\"><\/p>\n\n\n\n<p class=\"has-text-align-center\"><\/p>\n\n\n\n<div class=\"wp-block-buttons is-content-justification-center is-layout-flex wp-container-core-buttons-is-layout-16018d1d wp-block-buttons-is-layout-flex\">\n<div class=\"wp-block-button has-custom-width wp-block-button__width-50 is-style-fill\"><a class=\"wp-block-button__link has-black-color has-text-color has-background has-link-color has-text-align-center wp-element-button\" href=\"https:\/\/www.helloasso.com\/associations\/l-air-de-rien-le-mesnil-saint-denis\/evenements\/apero-concert-samedi-20-septembre-au-clc\" style=\"background-color:#ffff00\" target=\"_blank\" rel=\"noreferrer noopener\">R\u00e9servation:<br>Cliquer ICI<\/a><\/div>\n<\/div>\n\n\n\n<p class=\"has-text-align-center\"><br><\/p>\n\n\n\n<p><\/p>\n","protected":false},"excerpt":{"rendered":"<p>L&rsquo;Air de rien souffle ses 20 bougies ! Et comme on chante plus juste quand on a le ventreplein, on vous invite \u00e0 un ap\u00e9ritif-concert o\u00f9 lamusique se croque, se sirote et se savoure. &#x1f3b6; \u00c0 l\u2019ardoise : Un joyeux &hellip; <a href=\"https:\/\/chorale-lairderien.com\/?p=1381\">Continuer la lecture <span class=\"meta-nav\">&rarr;<\/span><\/a><\/p>\n","protected":false},"author":2,"featured_media":0,"comment_status":"closed","ping_status":"closed","sticky":false,"template":"","format":"standard","meta":{"_jetpack_newsletter_access":"","_jetpack_dont_email_post_to_subs":false,"_jetpack_newsletter_tier_id":0,"_jetpack_memberships_contains_paywalled_content":false,"_jetpack_memberships_contains_paid_content":false,"footnotes":""},"categories":[1],"tags":[],"class_list":["post-1381","post","type-post","status-publish","format-standard","hentry","category-non-classe"],"jetpack_featured_media_url":"","jetpack_sharing_enabled":true,"jetpack_shortlink":"https:\/\/wp.me\/p5iem3-mh","jetpack_likes_enabled":true,"_links":{"self":[{"href":"https:\/\/chorale-lairderien.com\/index.php?rest_route=\/wp\/v2\/posts\/1381","targetHints":{"allow":["GET"]}}],"collection":[{"href":"https:\/\/chorale-lairderien.com\/index.php?rest_route=\/wp\/v2\/posts"}],"about":[{"href":"https:\/\/chorale-lairderien.com\/index.php?rest_route=\/wp\/v2\/types\/post"}],"author":[{"embeddable":true,"href":"https:\/\/chorale-lairderien.com\/index.php?rest_route=\/wp\/v2\/users\/2"}],"replies":[{"embeddable":true,"href":"https:\/\/chorale-lairderien.com\/index.php?rest_route=%2Fwp%2Fv2%2Fcomments&post=1381"}],"version-history":[{"count":2,"href":"https:\/\/chorale-lairderien.com\/index.php?rest_route=\/wp\/v2\/posts\/1381\/revisions"}],"predecessor-version":[{"id":1385,"href":"https:\/\/chorale-lairderien.com\/index.php?rest_route=\/wp\/v2\/posts\/1381\/revisions\/1385"}],"wp:attachment":[{"href":"https:\/\/chorale-lairderien.com\/index.php?rest_route=%2Fwp%2Fv2%2Fmedia&parent=1381"}],"wp:term":[{"taxonomy":"category","embeddable":true,"href":"https:\/\/chorale-lairderien.com\/index.php?rest_route=%2Fwp%2Fv2%2Fcategories&post=1381"},{"taxonomy":"post_tag","embeddable":true,"href":"https:\/\/chorale-lairderien.com\/index.php?rest_route=%2Fwp%2Fv2%2Ftags&post=1381"}],"curies":[{"name":"wp","href":"https:\/\/api.w.org\/{rel}","templated":true}]}}