{"id":1342,"date":"2025-02-05T11:56:24","date_gmt":"2025-02-05T10:56:24","guid":{"rendered":"https:\/\/chorale-lairderien.com\/?p=1342"},"modified":"2025-03-20T11:22:40","modified_gmt":"2025-03-20T10:22:40","slug":"le-04-avril-2025-a-20h30-un-festin-pour-les-oreilles","status":"publish","type":"post","link":"https:\/\/chorale-lairderien.com\/?p=1342","title":{"rendered":"Le 04 avril 2025 \u00e0 20h00: Un festin pour les oreilles !"},"content":{"rendered":"\n<figure class=\"wp-block-image size-large\"><img data-recalc-dims=\"1\" loading=\"lazy\" decoding=\"async\" width=\"640\" height=\"908\" src=\"https:\/\/i0.wp.com\/chorale-lairderien.com\/wp-content\/uploads\/affiche-concert-gastro-V3.jpg?resize=640%2C908&#038;ssl=1\" alt=\"\" class=\"wp-image-1353\" srcset=\"https:\/\/i0.wp.com\/chorale-lairderien.com\/wp-content\/uploads\/affiche-concert-gastro-V3-scaled.jpg?resize=2000%2C2836&amp;ssl=1 2000w, https:\/\/i0.wp.com\/chorale-lairderien.com\/wp-content\/uploads\/affiche-concert-gastro-V3-scaled.jpg?resize=705%2C1000&amp;ssl=1 705w, https:\/\/i0.wp.com\/chorale-lairderien.com\/wp-content\/uploads\/affiche-concert-gastro-V3-scaled.jpg?resize=1083%2C1536&amp;ssl=1 1083w, https:\/\/i0.wp.com\/chorale-lairderien.com\/wp-content\/uploads\/affiche-concert-gastro-V3-scaled.jpg?resize=1444%2C2048&amp;ssl=1 1444w, https:\/\/i0.wp.com\/chorale-lairderien.com\/wp-content\/uploads\/affiche-concert-gastro-V3-scaled.jpg?w=1805&amp;ssl=1 1805w\" sizes=\"auto, (max-width: 640px) 100vw, 640px\" \/><figcaption class=\"wp-element-caption\">affiche air de rien V1<\/figcaption><\/figure>\n\n\n\n<div class=\"wp-block-buttons is-content-justification-center is-layout-flex wp-container-core-buttons-is-layout-16018d1d wp-block-buttons-is-layout-flex\">\n<div class=\"wp-block-button has-custom-width wp-block-button__width-50 is-style-fill\"><a class=\"wp-block-button__link has-black-color has-text-color has-background has-link-color has-text-align-center wp-element-button\" href=\"https:\/\/www.helloasso.com\/associations\/l-air-de-rien-le-mesnil-saint-denis\/evenements\/concert-anniversaire-air-de-rien-du-4-avril-2025\" style=\"background-color:#ffff00\" target=\"_blank\" rel=\"noreferrer noopener\">R\u00e9servation:<br>Cliquer ICI<\/a><\/div>\n<\/div>\n\n\n\n<p class=\"has-text-align-center has-medium-font-size\"><br><strong>MENU &#8230; Musical&nbsp;<\/strong><\/p>\n\n\n\n<p class=\"has-text-align-center\">Mesdames, Messieurs, gourmets m\u00e9lomanes,<br>Pr\u00e9parez vos papilles <em>auditives<\/em> pour un <strong>menu musical<\/strong> qui saura \u00e9veiller votre app\u00e9tit&#8230; et votre bonne humeur !<br>En <strong>Ap\u00e9ro<\/strong> : un joyeux <strong>\u00ab\u00a0C&rsquo;est la f\u00eate\u00a0\u00bb<\/strong>, accompagn\u00e9 d\u2019un <strong>\u00ab\u00a0Jambon de Bayonne\u00a0\u00bb<\/strong> tout en rondeur.<br>Suivront les saveurs sucr\u00e9es-sal\u00e9es de <strong>\u00ab\u00a0La confiture\u00a0\u00bb<\/strong> et des <strong>\u00ab\u00a0Cornichons\u00a0\u00bb<\/strong>, le tout saupoudr\u00e9 d&rsquo;un soup\u00e7on d&rsquo;ironie bien relev\u00e9e.<br>Pour les amateurs de cocktails exotiques : laissez-vous enivrer par la chaleur rythm\u00e9e de <strong>\u00ab\u00a0Tequila Samba\u00a0\u00bb<\/strong>,<br>Et apr\u00e8s le repas, on ne l\u00e9sine pas sur la tradition :<br>Un <strong>\u00ab\u00a0Caf\u00e9\u00a0\u00bb<\/strong> pour se r\u00e9veiller. <img data-recalc-dims=\"1\" decoding=\"async\" src=\"https:\/\/i0.wp.com\/fonts.gstatic.com\/s\/e\/notoemoji\/16.0\/2615\/32.png?w=640&#038;ssl=1\" alt=\"&#x2615;\"><br>Un verre de <strong>\u00ab\u00a0Vin clairet\u00a0\u00bb<\/strong> pour prolonger la f\u00eate. <img data-recalc-dims=\"1\" decoding=\"async\" src=\"https:\/\/i0.wp.com\/fonts.gstatic.com\/s\/e\/notoemoji\/16.0\/1f377\/32.png?w=640&#038;ssl=1\" alt=\"&#x1f377;\"><br>Mais le banquet ne s\u2019arr\u00eate pas l\u00e0 ! D\u00e9couvrez un <strong>\u00ab\u00a0Monde merveilleux\u00a0\u00bb<\/strong>, o\u00f9 pousse un <strong>\u00ab\u00a0Citronnier jaune\u00a0\u00bb<\/strong> lumineux, avant de conclure avec une d\u00e9licieuse part de <strong>\u00ab\u00a0Cake d\u2019amour\u00a0\u00bb<\/strong>. <img data-recalc-dims=\"1\" decoding=\"async\" src=\"https:\/\/i0.wp.com\/fonts.gstatic.com\/s\/e\/notoemoji\/16.0\/1f34b\/32.png?w=640&#038;ssl=1\" alt=\"&#x1f34b;\"><img data-recalc-dims=\"1\" decoding=\"async\" src=\"https:\/\/i0.wp.com\/fonts.gstatic.com\/s\/e\/notoemoji\/16.0\/1f382\/32.png?w=640&#038;ssl=1\" alt=\"&#x1f382;\"><br>Nous vous promettons une soir\u00e9e d\u00e9licieusement <em>savoureuse<\/em>, o\u00f9 il n\u2019en faudra <strong>\u00ab\u00a0pas beaucoup pour \u00eatre heureux\u00a0\u00bb<\/strong>.<\/p>\n\n\n\n<p class=\"has-text-align-center\"> <strong>Rendez-vous le 4 avril 2025 \u00e0 20h&nbsp;<\/strong> pour ce concert <strong>gastronomique et vocal<\/strong>, qui c\u00e9l\u00e8bre \u00e9galement les <strong>20 ans<\/strong> de la chorale &nbsp;<strong>L\u2019Air de Rien<\/strong> !<\/p>\n\n\n\n<p class=\"has-text-align-center\">R\u00e9servez votre place, on vous garantit un festin dont vous sortirez rassasi\u00e9s&#8230; de bonne humeur ! <img data-recalc-dims=\"1\" decoding=\"async\" alt=\"&#x1f389;\" src=\"https:\/\/i0.wp.com\/fonts.gstatic.com\/s\/e\/notoemoji\/16.0\/1f389\/32.png?w=640&#038;ssl=1\"><\/p>\n\n\n\n<div class=\"wp-block-buttons is-content-justification-center is-layout-flex wp-container-core-buttons-is-layout-16018d1d wp-block-buttons-is-layout-flex\">\n<div class=\"wp-block-button has-custom-width wp-block-button__width-50 is-style-fill\"><a class=\"wp-block-button__link has-black-color has-text-color has-background has-link-color has-text-align-center wp-element-button\" href=\"https:\/\/www.helloasso.com\/associations\/l-air-de-rien-le-mesnil-saint-denis\/evenements\/concert-anniversaire-air-de-rien-du-4-avril-2025\" style=\"background-color:#ffff00\" target=\"_blank\" rel=\"noreferrer noopener\">R\u00e9servation:<br>Cliquer ICI<\/a><\/div>\n<\/div>\n\n\n\n<p><\/p>\n","protected":false},"excerpt":{"rendered":"<p>MENU &#8230; Musical&nbsp; Mesdames, Messieurs, gourmets m\u00e9lomanes,Pr\u00e9parez vos papilles auditives pour un menu musical qui saura \u00e9veiller votre app\u00e9tit&#8230; et votre bonne humeur !En Ap\u00e9ro : un joyeux \u00ab\u00a0C&rsquo;est la f\u00eate\u00a0\u00bb, accompagn\u00e9 d\u2019un \u00ab\u00a0Jambon de Bayonne\u00a0\u00bb tout en rondeur.Suivront les &hellip; <a href=\"https:\/\/chorale-lairderien.com\/?p=1342\">Continuer la lecture <span class=\"meta-nav\">&rarr;<\/span><\/a><\/p>\n","protected":false},"author":2,"featured_media":0,"comment_status":"closed","ping_status":"closed","sticky":false,"template":"","format":"standard","meta":{"_jetpack_newsletter_access":"","_jetpack_dont_email_post_to_subs":false,"_jetpack_newsletter_tier_id":0,"_jetpack_memberships_contains_paywalled_content":false,"_jetpack_memberships_contains_paid_content":false,"footnotes":""},"categories":[1],"tags":[],"class_list":["post-1342","post","type-post","status-publish","format-standard","hentry","category-non-classe"],"jetpack_featured_media_url":"","jetpack_sharing_enabled":true,"jetpack_shortlink":"https:\/\/wp.me\/p5iem3-lE","jetpack_likes_enabled":true,"_links":{"self":[{"href":"https:\/\/chorale-lairderien.com\/index.php?rest_route=\/wp\/v2\/posts\/1342","targetHints":{"allow":["GET"]}}],"collection":[{"href":"https:\/\/chorale-lairderien.com\/index.php?rest_route=\/wp\/v2\/posts"}],"about":[{"href":"https:\/\/chorale-lairderien.com\/index.php?rest_route=\/wp\/v2\/types\/post"}],"author":[{"embeddable":true,"href":"https:\/\/chorale-lairderien.com\/index.php?rest_route=\/wp\/v2\/users\/2"}],"replies":[{"embeddable":true,"href":"https:\/\/chorale-lairderien.com\/index.php?rest_route=%2Fwp%2Fv2%2Fcomments&post=1342"}],"version-history":[{"count":11,"href":"https:\/\/chorale-lairderien.com\/index.php?rest_route=\/wp\/v2\/posts\/1342\/revisions"}],"predecessor-version":[{"id":1383,"href":"https:\/\/chorale-lairderien.com\/index.php?rest_route=\/wp\/v2\/posts\/1342\/revisions\/1383"}],"wp:attachment":[{"href":"https:\/\/chorale-lairderien.com\/index.php?rest_route=%2Fwp%2Fv2%2Fmedia&parent=1342"}],"wp:term":[{"taxonomy":"category","embeddable":true,"href":"https:\/\/chorale-lairderien.com\/index.php?rest_route=%2Fwp%2Fv2%2Fcategories&post=1342"},{"taxonomy":"post_tag","embeddable":true,"href":"https:\/\/chorale-lairderien.com\/index.php?rest_route=%2Fwp%2Fv2%2Ftags&post=1342"}],"curies":[{"name":"wp","href":"https:\/\/api.w.org\/{rel}","templated":true}]}}