{"id":1317,"date":"2024-09-28T18:17:58","date_gmt":"2024-09-28T17:17:58","guid":{"rendered":"https:\/\/chorale-lairderien.com\/?p=1317"},"modified":"2024-09-28T18:17:58","modified_gmt":"2024-09-28T17:17:58","slug":"retour-des-senades","status":"publish","type":"post","link":"https:\/\/chorale-lairderien.com\/?p=1317","title":{"rendered":"Retour des Senades"},"content":{"rendered":"\n<p>R\u00e9habilit\u00e9e gr\u00e2ce au soutien de la mission patrimoine confi\u00e9e \u00e0 St\u00e9phane Bern, l&rsquo;\u00e9glise a connu une forte affluence le matin. Un hommage a \u00e9t\u00e9 rendu aux r\u00e9sistants l&rsquo;apr\u00e8s-midi, puis un concert de la chorale L&rsquo;Air de rien a termin\u00e9 cette journ\u00e9e.<\/p>\n\n\n\n<figure class=\"wp-block-image size-full\"><img data-recalc-dims=\"1\" loading=\"lazy\" decoding=\"async\" width=\"640\" height=\"480\" src=\"https:\/\/i0.wp.com\/chorale-lairderien.com\/wp-content\/uploads\/Senades1.jpg?resize=640%2C480&#038;ssl=1\" alt=\"\" class=\"wp-image-1318\"\/><\/figure>\n","protected":false},"excerpt":{"rendered":"<p>R\u00e9habilit\u00e9e gr\u00e2ce au soutien de la mission patrimoine confi\u00e9e \u00e0 St\u00e9phane Bern, l&rsquo;\u00e9glise a connu une forte affluence le matin. Un hommage a \u00e9t\u00e9 rendu aux r\u00e9sistants l&rsquo;apr\u00e8s-midi, puis un concert de la chorale L&rsquo;Air de rien a termin\u00e9 cette &hellip; <a href=\"https:\/\/chorale-lairderien.com\/?p=1317\">Continuer la lecture <span class=\"meta-nav\">&rarr;<\/span><\/a><\/p>\n","protected":false},"author":2,"featured_media":0,"comment_status":"closed","ping_status":"closed","sticky":false,"template":"","format":"standard","meta":{"_jetpack_newsletter_access":"","_jetpack_dont_email_post_to_subs":false,"_jetpack_newsletter_tier_id":0,"_jetpack_memberships_contains_paywalled_content":false,"_jetpack_memberships_contains_paid_content":false,"footnotes":""},"categories":[1],"tags":[],"class_list":["post-1317","post","type-post","status-publish","format-standard","hentry","category-non-classe"],"jetpack_featured_media_url":"","jetpack_sharing_enabled":true,"jetpack_shortlink":"https:\/\/wp.me\/p5iem3-lf","jetpack_likes_enabled":true,"_links":{"self":[{"href":"https:\/\/chorale-lairderien.com\/index.php?rest_route=\/wp\/v2\/posts\/1317","targetHints":{"allow":["GET"]}}],"collection":[{"href":"https:\/\/chorale-lairderien.com\/index.php?rest_route=\/wp\/v2\/posts"}],"about":[{"href":"https:\/\/chorale-lairderien.com\/index.php?rest_route=\/wp\/v2\/types\/post"}],"author":[{"embeddable":true,"href":"https:\/\/chorale-lairderien.com\/index.php?rest_route=\/wp\/v2\/users\/2"}],"replies":[{"embeddable":true,"href":"https:\/\/chorale-lairderien.com\/index.php?rest_route=%2Fwp%2Fv2%2Fcomments&post=1317"}],"version-history":[{"count":1,"href":"https:\/\/chorale-lairderien.com\/index.php?rest_route=\/wp\/v2\/posts\/1317\/revisions"}],"predecessor-version":[{"id":1319,"href":"https:\/\/chorale-lairderien.com\/index.php?rest_route=\/wp\/v2\/posts\/1317\/revisions\/1319"}],"wp:attachment":[{"href":"https:\/\/chorale-lairderien.com\/index.php?rest_route=%2Fwp%2Fv2%2Fmedia&parent=1317"}],"wp:term":[{"taxonomy":"category","embeddable":true,"href":"https:\/\/chorale-lairderien.com\/index.php?rest_route=%2Fwp%2Fv2%2Fcategories&post=1317"},{"taxonomy":"post_tag","embeddable":true,"href":"https:\/\/chorale-lairderien.com\/index.php?rest_route=%2Fwp%2Fv2%2Ftags&post=1317"}],"curies":[{"name":"wp","href":"https:\/\/api.w.org\/{rel}","templated":true}]}}