{"id":1,"date":"2014-10-23T17:08:54","date_gmt":"2014-10-23T17:08:54","guid":{"rendered":"http:\/\/chorale-lairderien.com\/?p=1"},"modified":"2014-10-30T19:59:35","modified_gmt":"2014-10-30T18:59:35","slug":"bonjour-tout-le-monde","status":"publish","type":"post","link":"https:\/\/chorale-lairderien.com\/?p=1","title":{"rendered":"Un nouveau Site !"},"content":{"rendered":"<p style=\"text-align: center;\"><strong><a href=\"https:\/\/i0.wp.com\/chorale-lairderien.fr\/wp-content\/uploads\/logo-air-de-rien1.jpg\"><img data-recalc-dims=\"1\" loading=\"lazy\" decoding=\"async\" class=\"alignleft wp-image-82 \" src=\"https:\/\/i0.wp.com\/chorale-lairderien.fr\/wp-content\/uploads\/logo-air-de-rien1.jpg?resize=108%2C130\" alt=\"logo air de rien\" width=\"108\" height=\"130\" \/><\/a>Les\u00a0ch\u0153urs\u00a0de l&rsquo;Air de Rien sont heureux<br \/>\n<\/strong><strong>de vous pr\u00e9senter leur nouveau Site !!!<\/strong><\/p>\n<p>N&rsquo;h\u00e9sitez pas \u00e0 venir le consulter r\u00e9guli\u00e8rement, vous y retrouverez toutes leurs actualit\u00e9s, \u00e0 commencer par leurs prochains concerts.<\/p>\n<p style=\"text-align: center;\">\n","protected":false},"excerpt":{"rendered":"<p>Les\u00a0ch\u0153urs\u00a0de l&rsquo;Air de Rien sont heureux de vous pr\u00e9senter leur nouveau Site !!! N&rsquo;h\u00e9sitez pas \u00e0 venir le consulter r\u00e9guli\u00e8rement, vous y retrouverez toutes leurs actualit\u00e9s, \u00e0 commencer par leurs prochains concerts.<\/p>\n","protected":false},"author":1,"featured_media":0,"comment_status":"closed","ping_status":"closed","sticky":false,"template":"","format":"standard","meta":{"_jetpack_newsletter_access":"","_jetpack_dont_email_post_to_subs":false,"_jetpack_newsletter_tier_id":0,"_jetpack_memberships_contains_paywalled_content":false,"_jetpack_memberships_contains_paid_content":false,"footnotes":""},"categories":[1],"tags":[],"class_list":["post-1","post","type-post","status-publish","format-standard","hentry","category-non-classe"],"jetpack_featured_media_url":"","jetpack_sharing_enabled":true,"jetpack_shortlink":"https:\/\/wp.me\/p5iem3-1","jetpack_likes_enabled":true,"_links":{"self":[{"href":"https:\/\/chorale-lairderien.com\/index.php?rest_route=\/wp\/v2\/posts\/1","targetHints":{"allow":["GET"]}}],"collection":[{"href":"https:\/\/chorale-lairderien.com\/index.php?rest_route=\/wp\/v2\/posts"}],"about":[{"href":"https:\/\/chorale-lairderien.com\/index.php?rest_route=\/wp\/v2\/types\/post"}],"author":[{"embeddable":true,"href":"https:\/\/chorale-lairderien.com\/index.php?rest_route=\/wp\/v2\/users\/1"}],"replies":[{"embeddable":true,"href":"https:\/\/chorale-lairderien.com\/index.php?rest_route=%2Fwp%2Fv2%2Fcomments&post=1"}],"version-history":[{"count":7,"href":"https:\/\/chorale-lairderien.com\/index.php?rest_route=\/wp\/v2\/posts\/1\/revisions"}],"predecessor-version":[{"id":196,"href":"https:\/\/chorale-lairderien.com\/index.php?rest_route=\/wp\/v2\/posts\/1\/revisions\/196"}],"wp:attachment":[{"href":"https:\/\/chorale-lairderien.com\/index.php?rest_route=%2Fwp%2Fv2%2Fmedia&parent=1"}],"wp:term":[{"taxonomy":"category","embeddable":true,"href":"https:\/\/chorale-lairderien.com\/index.php?rest_route=%2Fwp%2Fv2%2Fcategories&post=1"},{"taxonomy":"post_tag","embeddable":true,"href":"https:\/\/chorale-lairderien.com\/index.php?rest_route=%2Fwp%2Fv2%2Ftags&post=1"}],"curies":[{"name":"wp","href":"https:\/\/api.w.org\/{rel}","templated":true}]}}